{"id":47899,"date":"2024-10-23T07:28:06","date_gmt":"2024-10-23T07:28:06","guid":{"rendered":"https:\/\/greenedgecycling.com\/2024\/?p=47899"},"modified":"2024-10-25T13:49:32","modified_gmt":"2024-10-25T13:49:32","slug":"2024-season-wrap-roseman-gannon-paternoster-breakthrough-national-titles-aplenty-much-more-for-liv-alula-jayco","status":"publish","type":"post","link":"https:\/\/greenedgecycling.com\/2026\/2024-season-wrap-roseman-gannon-paternoster-breakthrough-national-titles-aplenty-much-more-for-liv-alula-jayco\/","title":{"rendered":"2024 SEASON WRAP: Roseman-Gannon &amp; Paternoster breakthrough, national titles aplenty, &amp; much more for Liv AlUla Jayco\u00a0"},"content":{"rendered":"\n<p><strong>Liv AlUla Jayco<\/strong> have concluded a brilliant 2024 season that brought with it 16 victories across four continents. Eight of the team\u2019s riders have been on the top step this year and yet more have reached the podium with a total of 43 visits to the rostrum since January.<\/p>\n\n\n\n<p>It has been a big year for the Australian outfit following a merger with fellow Women\u2019s WorldTeam Liv Racing TeqFind that bolstered the squad. Since the opening races of the year, the team has continued to grow in strength with multiple riders earning landmark results in their careers.<\/p>\n\n\n\n<figure class=\"wp-block-image size-large\"><img fetchpriority=\"high\" decoding=\"async\" width=\"1024\" height=\"682\" src=\"https:\/\/greenedgecycling.com\/2024\/wp-content\/uploads\/2024\/10\/sprintcyclingagency_0831553_1_2000px-2-1024x682.jpg\" alt=\"\" class=\"wp-image-47902\" srcset=\"https:\/\/greenedgecycling.com\/2026\/wp-content\/uploads\/2024\/10\/sprintcyclingagency_0831553_1_2000px-2-1024x682.jpg 1024w, https:\/\/greenedgecycling.com\/2026\/wp-content\/uploads\/2024\/10\/sprintcyclingagency_0831553_1_2000px-2-300x200.jpg 300w, https:\/\/greenedgecycling.com\/2026\/wp-content\/uploads\/2024\/10\/sprintcyclingagency_0831553_1_2000px-2-768x512.jpg 768w, https:\/\/greenedgecycling.com\/2026\/wp-content\/uploads\/2024\/10\/sprintcyclingagency_0831553_1_2000px-2-1536x1024.jpg 1536w, https:\/\/greenedgecycling.com\/2026\/wp-content\/uploads\/2024\/10\/sprintcyclingagency_0831553_1_2000px-2-370x247.jpg 370w, https:\/\/greenedgecycling.com\/2026\/wp-content\/uploads\/2024\/10\/sprintcyclingagency_0831553_1_2000px-2-840x560.jpg 840w, https:\/\/greenedgecycling.com\/2026\/wp-content\/uploads\/2024\/10\/sprintcyclingagency_0831553_1_2000px-2-410x273.jpg 410w, https:\/\/greenedgecycling.com\/2026\/wp-content\/uploads\/2024\/10\/sprintcyclingagency_0831553_1_2000px-2-500x333.jpg 500w, https:\/\/greenedgecycling.com\/2026\/wp-content\/uploads\/2024\/10\/sprintcyclingagency_0831553_1_2000px-2-400x267.jpg 400w, https:\/\/greenedgecycling.com\/2026\/wp-content\/uploads\/2024\/10\/sprintcyclingagency_0831553_1_2000px-2-32x21.jpg 32w, https:\/\/greenedgecycling.com\/2026\/wp-content\/uploads\/2024\/10\/sprintcyclingagency_0831553_1_2000px-2-780x520.jpg 780w, https:\/\/greenedgecycling.com\/2026\/wp-content\/uploads\/2024\/10\/sprintcyclingagency_0831553_1_2000px-2.jpg 2000w\" sizes=\"(max-width: 1024px) 100vw, 1024px\" \/><figcaption class=\"wp-element-caption\">Liv AlUla Jayco wins the team prize at the Giro d&#8217;Italia (Sprint Cycling)<\/figcaption><\/figure>\n\n\n\n<p><span style=\"text-decoration: underline;\"><strong>Big wins for Roseman-Gannon &amp; Paternoster<\/strong><\/span><br>Good things come to those who wait and both <strong>Ruby Roseman-Gannon<\/strong> and <strong>Letizia Paternoste<\/strong>r claimed hard-earned victories this season. The Australian endured a challenging spring before her big win, suffering a knee injury during the spring Classics that ruled her out of racing for two months.<\/p>\n\n\n\n<p>The 25-year-old fought hard to come back and the work was well rewarded with her debut WorldTour victory on the final stage of the Tour of Britain in June. It was Roseman-Gannon&#8217;s first win in the green and gold of Aussie national champ after taking victory in the road race in January. She went on to notch up her first world title, winning the rainbow jersey with her Australian teammates in the Mixed Team Relay in Zurich in September.<\/p>\n\n\n\n<p>Paternoster came close to earning her first win in Liv AlUla Jayco colours just a few days before Roseman-Gannon\u2019s British success but was denied by a photo finish. The Italian kept pushing and she was soon able to throw her hands up in victory thanks to a dominant sprint at the Tour de Gatineau in Canada. She went on to win again the following day at the Tour de Gatineau criterium.<\/p>\n\n\n\n<figure class=\"wp-block-image size-large\"><img decoding=\"async\" width=\"1024\" height=\"682\" src=\"https:\/\/greenedgecycling.com\/2024\/wp-content\/uploads\/2024\/10\/sprintcyclingagency_0813969_1_2000px-1-1024x682.jpg\" alt=\"\" class=\"wp-image-47903\" srcset=\"https:\/\/greenedgecycling.com\/2026\/wp-content\/uploads\/2024\/10\/sprintcyclingagency_0813969_1_2000px-1-1024x682.jpg 1024w, https:\/\/greenedgecycling.com\/2026\/wp-content\/uploads\/2024\/10\/sprintcyclingagency_0813969_1_2000px-1-300x200.jpg 300w, https:\/\/greenedgecycling.com\/2026\/wp-content\/uploads\/2024\/10\/sprintcyclingagency_0813969_1_2000px-1-768x512.jpg 768w, https:\/\/greenedgecycling.com\/2026\/wp-content\/uploads\/2024\/10\/sprintcyclingagency_0813969_1_2000px-1-1536x1024.jpg 1536w, https:\/\/greenedgecycling.com\/2026\/wp-content\/uploads\/2024\/10\/sprintcyclingagency_0813969_1_2000px-1-370x247.jpg 370w, https:\/\/greenedgecycling.com\/2026\/wp-content\/uploads\/2024\/10\/sprintcyclingagency_0813969_1_2000px-1-840x560.jpg 840w, https:\/\/greenedgecycling.com\/2026\/wp-content\/uploads\/2024\/10\/sprintcyclingagency_0813969_1_2000px-1-410x273.jpg 410w, https:\/\/greenedgecycling.com\/2026\/wp-content\/uploads\/2024\/10\/sprintcyclingagency_0813969_1_2000px-1-500x333.jpg 500w, https:\/\/greenedgecycling.com\/2026\/wp-content\/uploads\/2024\/10\/sprintcyclingagency_0813969_1_2000px-1-400x267.jpg 400w, https:\/\/greenedgecycling.com\/2026\/wp-content\/uploads\/2024\/10\/sprintcyclingagency_0813969_1_2000px-1-32x21.jpg 32w, https:\/\/greenedgecycling.com\/2026\/wp-content\/uploads\/2024\/10\/sprintcyclingagency_0813969_1_2000px-1-780x520.jpg 780w, https:\/\/greenedgecycling.com\/2026\/wp-content\/uploads\/2024\/10\/sprintcyclingagency_0813969_1_2000px-1.jpg 2000w\" sizes=\"(max-width: 1024px) 100vw, 1024px\" \/><figcaption class=\"wp-element-caption\">Silke Smulders took her first pro win at the Vuelta a Andaluc\u00eda (Sprint Cycling)<\/figcaption><\/figure>\n\n\n\n<p><span style=\"text-decoration: underline;\"><strong>Smulders and Wyllie claim first pro victories<\/strong><\/span><br>It was a year of firsts for several Liv AlUla Jayco riders, including 2024 recruits <strong>Ella Wyllie<\/strong> and <strong>Silke Smulders<\/strong>. Wyllie won on her first two outings in team colours with the U23 New Zealand time trial title followed by victory in the elite road race.<\/p>\n\n\n\n<p>She later added her first win alongside her teammates during a dominant squad performance at the Vuelta a Andaluc\u00eda in May. The Australian unit had its pick of the podium places in the four-day race in late spring. Smulders also found her debut pro victory on the opening stage, leading home <strong>Mavi Garc\u00eda<\/strong> and Wyllie after a long-range attack to launch the trio to the top of the overall standings. The 23-year-old came achingly close to her second at the Simac Ladies Tour in October, only to be denied with less than 10 metres to go.<\/p>\n\n\n\n<p>Andaluc\u00eda could hardly have gone better for the team with Garc\u00eda also winning a stage and the overall title. Smulders secured second in the GC, as well as the points jersey, while Wyllie rounded out the overall podium following her win on the third stage. The teamwork was on show again in early July when Liv AlUla Jayco claimed the team classification at the Giro d&#8217;Italia Women.<\/p>\n\n\n\n<p><strong>Ingvild G\u00e5skjenn<\/strong> also showed off her growing talent in the spring when she took a surprise podium finish at the Amstel Gold Race alongside Marianne Vos and Lorena Wiebes.<\/p>\n\n\n\n<figure class=\"wp-block-image size-large\"><img decoding=\"async\" width=\"1024\" height=\"683\" src=\"https:\/\/greenedgecycling.com\/2024\/wp-content\/uploads\/2024\/10\/JC1_8834-1024x683.jpg\" alt=\"\" class=\"wp-image-47904\" srcset=\"https:\/\/greenedgecycling.com\/2026\/wp-content\/uploads\/2024\/10\/JC1_8834-1024x683.jpg 1024w, https:\/\/greenedgecycling.com\/2026\/wp-content\/uploads\/2024\/10\/JC1_8834-300x200.jpg 300w, https:\/\/greenedgecycling.com\/2026\/wp-content\/uploads\/2024\/10\/JC1_8834-768x512.jpg 768w, https:\/\/greenedgecycling.com\/2026\/wp-content\/uploads\/2024\/10\/JC1_8834-1536x1024.jpg 1536w, https:\/\/greenedgecycling.com\/2026\/wp-content\/uploads\/2024\/10\/JC1_8834-2048x1365.jpg 2048w, https:\/\/greenedgecycling.com\/2026\/wp-content\/uploads\/2024\/10\/JC1_8834-370x247.jpg 370w, https:\/\/greenedgecycling.com\/2026\/wp-content\/uploads\/2024\/10\/JC1_8834-840x560.jpg 840w, https:\/\/greenedgecycling.com\/2026\/wp-content\/uploads\/2024\/10\/JC1_8834-410x273.jpg 410w, https:\/\/greenedgecycling.com\/2026\/wp-content\/uploads\/2024\/10\/JC1_8834-500x333.jpg 500w, https:\/\/greenedgecycling.com\/2026\/wp-content\/uploads\/2024\/10\/JC1_8834-400x267.jpg 400w, https:\/\/greenedgecycling.com\/2026\/wp-content\/uploads\/2024\/10\/JC1_8834-32x21.jpg 32w, https:\/\/greenedgecycling.com\/2026\/wp-content\/uploads\/2024\/10\/JC1_8834-780x520.jpg 780w\" sizes=\"(max-width: 1024px) 100vw, 1024px\" \/><figcaption class=\"wp-element-caption\">Ruby Roseman-Gannon, Georgia Baker, &amp; Alex Manly locked out the Australian crit champs podium (Con Chronis)<\/figcaption><\/figure>\n\n\n\n<p><span style=\"text-decoration: underline;\"><strong>National title doubles<\/strong><\/span><br>Double national titles were a big theme for the squad in 2024 with four riders winning two this season. Roseman-Gannon kicked things off for the women with her second Australian Criterium championships win in January before adding the green and gold jersey in the road race a few days later.<\/p>\n\n\n\n<p><strong>Alex Manly<\/strong> made sure there were two Liv AlUla Jayco riders on the podium in both of those races, scoring third in the criterium and road race, while <strong>Georgia Baker<\/strong> claimed second in the criterium and <strong>Georgie Howe<\/strong> took bronze for the team in the time trial. The start of February then saw Wyllie add another double with success in the U23 national time trial championships in New Zealand before attacking to glory in the road race the very next day.<\/p>\n\n\n\n<p>There was yet more to come in the summer as <strong>Teniel Campbell <\/strong>added yet two more national wins to her palmar\u00e8s after already doing the same in 2022. <strong>Ur\u0161ka \u017digart<\/strong> also claimed two Slovenian titles in style. The 27-year-old won the time trial by over four minutes before going on to take her first elite victory in the road race by a massive 10 minutes.<\/p>\n\n\n\n<figure class=\"wp-block-image size-large\"><img loading=\"lazy\" decoding=\"async\" width=\"1024\" height=\"683\" src=\"https:\/\/greenedgecycling.com\/2024\/wp-content\/uploads\/2024\/10\/Kramon_240331_RVVwomen_03497-1024x683.jpg\" alt=\"\" class=\"wp-image-47905\" srcset=\"https:\/\/greenedgecycling.com\/2026\/wp-content\/uploads\/2024\/10\/Kramon_240331_RVVwomen_03497-1024x683.jpg 1024w, https:\/\/greenedgecycling.com\/2026\/wp-content\/uploads\/2024\/10\/Kramon_240331_RVVwomen_03497-300x200.jpg 300w, https:\/\/greenedgecycling.com\/2026\/wp-content\/uploads\/2024\/10\/Kramon_240331_RVVwomen_03497-768x512.jpg 768w, https:\/\/greenedgecycling.com\/2026\/wp-content\/uploads\/2024\/10\/Kramon_240331_RVVwomen_03497-370x247.jpg 370w, https:\/\/greenedgecycling.com\/2026\/wp-content\/uploads\/2024\/10\/Kramon_240331_RVVwomen_03497-840x560.jpg 840w, https:\/\/greenedgecycling.com\/2026\/wp-content\/uploads\/2024\/10\/Kramon_240331_RVVwomen_03497-410x273.jpg 410w, https:\/\/greenedgecycling.com\/2026\/wp-content\/uploads\/2024\/10\/Kramon_240331_RVVwomen_03497-500x333.jpg 500w, https:\/\/greenedgecycling.com\/2026\/wp-content\/uploads\/2024\/10\/Kramon_240331_RVVwomen_03497-400x267.jpg 400w, https:\/\/greenedgecycling.com\/2026\/wp-content\/uploads\/2024\/10\/Kramon_240331_RVVwomen_03497-32x21.jpg 32w, https:\/\/greenedgecycling.com\/2026\/wp-content\/uploads\/2024\/10\/Kramon_240331_RVVwomen_03497-780x520.jpg 780w, https:\/\/greenedgecycling.com\/2026\/wp-content\/uploads\/2024\/10\/Kramon_240331_RVVwomen_03497.jpg 1200w\" sizes=\"(max-width: 1024px) 100vw, 1024px\" \/><figcaption class=\"wp-element-caption\">Letizia Paternoster had a strong Classics campaign (KRAMON)<\/figcaption><\/figure>\n\n\n\n<p><span style=\"text-decoration: underline;\"><strong>Letizia Paternoster<\/strong><\/span><br><em>\u201cI was really surprised about my improvement this year. I started really well in the Classics with a podium at Dwars door Vlaanderen, I was close to the podium at Ronde van Drenthe, and also in the top 10 at the Tour of Flanders, where I was only dropped on the last climb.<\/em><\/p>\n\n\n\n<p><em>To win my first race with the team at the Tour de Gatineau was really special because this team really deserves the best results. To be able to arrive at the finish line with my arms up was really emotional. I owe a lot to this team, so I think every good performance is like a big thank you to everybody.<\/em><\/p>\n\n\n\n<p><em>It was a really amazing season where I improved a lot, and I love being in this team. I\u2019m really happy and proud, and I\u2019m grateful to be part of this amazing family. Even though this year was really good, I think that next year will be hugely important for me to take another big step to be one of the best riders in the world on the road.\u201d<\/em><\/p>\n\n\n\n<p><span style=\"text-decoration: underline;\"><strong>Martin Vestby \u2013 Head Sport Director<\/strong><\/span><br><em>\u201cThe 2024 season has really been a turnaround year for the team. The merger with Liv Racing TeqFind brought the best out in both teams. It created some depth in the riders\u2019 group that gave us more opportunities in the races and I think we can be proud about how everyone stepped up, both riders and staff. We made some positive changes and adjustments after our evaluations of 2023.<\/em><\/p>\n\n\n\n<p><em>We had some nice victories across the season, but to see us climbing the rankings \u2013 both in the Women\u2019s UCI WorldTour and the UCI World Ranking \u2013 just shows that we have been competitive in different races and terrains, with multiple riders. Standout moments for me this season were the Tour of Britain and the Vuelta a Andaluc\u00eda. They were both races with good results and wins, but they stand out mostly for the hard teamwork, the challenges the riders overcame, and the ability they had to put the team first. For me, it is a great honour to see the team growing and I\u2019m sure that this is just the start of it.\u201d<\/em><\/p>\n\n\n\n<figure class=\"wp-block-image size-large\"><img loading=\"lazy\" decoding=\"async\" width=\"1024\" height=\"682\" src=\"https:\/\/greenedgecycling.com\/2024\/wp-content\/uploads\/2024\/10\/Photo-01-06-2024-15-19-49-1-1024x682.jpg\" alt=\"\" class=\"wp-image-47906\" srcset=\"https:\/\/greenedgecycling.com\/2026\/wp-content\/uploads\/2024\/10\/Photo-01-06-2024-15-19-49-1-1024x682.jpg 1024w, https:\/\/greenedgecycling.com\/2026\/wp-content\/uploads\/2024\/10\/Photo-01-06-2024-15-19-49-1-300x200.jpg 300w, https:\/\/greenedgecycling.com\/2026\/wp-content\/uploads\/2024\/10\/Photo-01-06-2024-15-19-49-1-768x512.jpg 768w, https:\/\/greenedgecycling.com\/2026\/wp-content\/uploads\/2024\/10\/Photo-01-06-2024-15-19-49-1-1536x1024.jpg 1536w, https:\/\/greenedgecycling.com\/2026\/wp-content\/uploads\/2024\/10\/Photo-01-06-2024-15-19-49-1-370x247.jpg 370w, https:\/\/greenedgecycling.com\/2026\/wp-content\/uploads\/2024\/10\/Photo-01-06-2024-15-19-49-1-840x560.jpg 840w, https:\/\/greenedgecycling.com\/2026\/wp-content\/uploads\/2024\/10\/Photo-01-06-2024-15-19-49-1-410x273.jpg 410w, https:\/\/greenedgecycling.com\/2026\/wp-content\/uploads\/2024\/10\/Photo-01-06-2024-15-19-49-1-500x333.jpg 500w, https:\/\/greenedgecycling.com\/2026\/wp-content\/uploads\/2024\/10\/Photo-01-06-2024-15-19-49-1-400x267.jpg 400w, https:\/\/greenedgecycling.com\/2026\/wp-content\/uploads\/2024\/10\/Photo-01-06-2024-15-19-49-1-32x21.jpg 32w, https:\/\/greenedgecycling.com\/2026\/wp-content\/uploads\/2024\/10\/Photo-01-06-2024-15-19-49-1-780x520.jpg 780w, https:\/\/greenedgecycling.com\/2026\/wp-content\/uploads\/2024\/10\/Photo-01-06-2024-15-19-49-1.jpg 2000w\" sizes=\"(max-width: 1024px) 100vw, 1024px\" \/><figcaption class=\"wp-element-caption\">Mavi Garc\u00eda, Silke Smulders, &amp; Ella Wyllie took all three podium spots in Andaluc\u00eda (Sprint)<\/figcaption><\/figure>\n\n\n\n<p><span style=\"text-decoration: underline;\">Liv AlUla Jayco 2024 Race Victories (8x riders)<\/span><br>Australia Criterium championships \u2013 Ruby Roseman-Gannon<br>Australia Road Race championships \u2013 Ruby Roseman-Gannon<br>New Zealand Time Trial championships (U23) \u2013 Ella Wyllie<br>New Zealand Road Race championships \u2013 Ella Wyllie<br>Grote Ronde van Gerwen \u2013 Quinty Ton<br>Vuelta a Andalucia overall \u2013 Mavi Garc\u00eda<br>Vuelta a Andalucia stage 1 \u2013 Silke Smulders<br>Vuelta a Andalucia stage 2 \u2013 Mavi Garc\u00eda<br>Vuelta a Andalucia stage 3 \u2013 Ella Wyllie<br>Tour of Britain stage 4 \u2013 Ruby Roseman-Gannon<br>Slovenia Time Trial championships \u2013 Ur\u0161ka \u017digart<br>Slovenia Road Race championships \u2013 Ur\u0161ka \u017digart<br>Trinidad &amp; Tobago Time Trial championships \u2013 Teniel Campbell<br>Trinidad &amp; Tobago Road Race championships \u2013 Teniel Campbell<br>Tour de Gatineau \u2013 Letizia Paternoster<br>Tour de Gatineau criterium \u2013 Letizia Paternoster<\/p>\n\n\n\n<p>Lead photos: Sprint Cycling<\/p>\n","protected":false},"excerpt":{"rendered":"<p>Liv AlUla Jayco have concluded a brilliant 2024 season that brought with it 16 victories across four continents. Eight of the team\u2019s riders have been on the top step&hellip;<\/p>\n","protected":false},"author":2,"featured_media":47901,"comment_status":"closed","ping_status":"open","sticky":false,"template":"","format":"standard","meta":{"footnotes":""},"categories":[296,386],"tags":[],"_links":{"self":[{"href":"https:\/\/greenedgecycling.com\/2026\/wp-json\/wp\/v2\/posts\/47899"}],"collection":[{"href":"https:\/\/greenedgecycling.com\/2026\/wp-json\/wp\/v2\/posts"}],"about":[{"href":"https:\/\/greenedgecycling.com\/2026\/wp-json\/wp\/v2\/types\/post"}],"author":[{"embeddable":true,"href":"https:\/\/greenedgecycling.com\/2026\/wp-json\/wp\/v2\/users\/2"}],"replies":[{"embeddable":true,"href":"https:\/\/greenedgecycling.com\/2026\/wp-json\/wp\/v2\/comments?post=47899"}],"version-history":[{"count":2,"href":"https:\/\/greenedgecycling.com\/2026\/wp-json\/wp\/v2\/posts\/47899\/revisions"}],"predecessor-version":[{"id":47907,"href":"https:\/\/greenedgecycling.com\/2026\/wp-json\/wp\/v2\/posts\/47899\/revisions\/47907"}],"wp:featuredmedia":[{"embeddable":true,"href":"https:\/\/greenedgecycling.com\/2026\/wp-json\/wp\/v2\/media\/47901"}],"wp:attachment":[{"href":"https:\/\/greenedgecycling.com\/2026\/wp-json\/wp\/v2\/media?parent=47899"}],"wp:term":[{"taxonomy":"category","embeddable":true,"href":"https:\/\/greenedgecycling.com\/2026\/wp-json\/wp\/v2\/categories?post=47899"},{"taxonomy":"post_tag","embeddable":true,"href":"https:\/\/greenedgecycling.com\/2026\/wp-json\/wp\/v2\/tags?post=47899"}],"curies":[{"name":"wp","href":"https:\/\/api.w.org\/{rel}","templated":true}]}}